{"id":12919,"date":"2025-07-13T17:47:42","date_gmt":"2025-07-13T15:47:42","guid":{"rendered":"https:\/\/aizell.se\/?p=12919"},"modified":"2025-07-21T21:00:38","modified_gmt":"2025-07-21T19:00:38","slug":"dresscode-for-saljare-stil-och-affarsmassighet","status":"publish","type":"post","link":"https:\/\/aizell.se\/en\/dresscode-for-saljare-stil-och-affarsmassighet\/","title":{"rendered":"Dresscode f\u00f6r s\u00e4ljare &#8211; stil och aff\u00e4rsm\u00e4ssighet!"},"content":{"rendered":"<div data-elementor-type=\"wp-post\" data-elementor-id=\"12919\" class=\"elementor elementor-12919\" data-elementor-post-type=\"post\">\n\t\t\t\t<div class=\"elementor-element elementor-element-5e79e47f e-flex e-con-boxed e-con e-parent\" data-id=\"5e79e47f\" data-element_type=\"container\" data-e-type=\"container\">\n\t\t\t\t\t<div class=\"e-con-inner\">\n\t\t\t\t<div class=\"elementor-element elementor-element-2c32df26 elementor-widget elementor-widget-text-editor\" data-id=\"2c32df26\" data-element_type=\"widget\" data-e-type=\"widget\" data-widget_type=\"text-editor.default\">\n\t\t\t\t<div class=\"elementor-widget-container\">\n\t\t\t\t\t\t\t\t\t\n<p>\u00a0<\/p>\n<p><strong>I s\u00e4ljarbetet \u00e4r det f\u00f6rsta intrycket inte bara viktigt \u2013 det \u00e4r avg\u00f6rande.<\/strong> Kl\u00e4dseln signalerar vem du \u00e4r, vad du representerar och hur seri\u00f6st du tar uppdraget. Samtidigt g\u00e4ller det att inte vara \u00f6verkl\u00e4dd eller skapa distans till kunden. H\u00e4r f\u00e5r du en praktisk guide till hur du kl\u00e4r dig aff\u00e4rsm\u00e4ssigt \u2013 och upptr\u00e4der professionellt \u2013 i m\u00f6tet med kund.<br \/><br \/><\/p>\n<ol>\n<li><span style=\"text-decoration: underline;\"><strong> Kl\u00e4 dig f\u00f6r kunden \u2013 inte f\u00f6r dig sj\u00e4lv<\/strong><\/span><\/li>\n<\/ol>\n<p><strong>Grundregel:<\/strong> Anpassa din kl\u00e4dsel till kundens milj\u00f6 och f\u00f6rv\u00e4ntningar. En lyckad dresscode speglar respekt, inte f\u00e5f\u00e4nga.<\/p>\n<p><strong>Exempel:<\/strong><br \/>\u2013 M\u00f6te med industriell kund? V\u00e4lj neutral business casual \u2013 kavaj, skjorta\/pik\u00e9, m\u00f6rka jeans eller chinos.<br \/>\u2013 M\u00f6te med en tech-startup? V\u00e4lv\u00e5rdade sneakers, snygg t-shirt och kavaj kan funka utm\u00e4rkt.<br \/>\u2013 Formellt m\u00f6te med bank eller st\u00f6rre bolag? V\u00e4lj kostym eller motsvarande, men utan slips om det inte \u00e4r absolut n\u00f6dv\u00e4ndigt.<\/p>\n<p><strong>Tips:<\/strong> T\u00e4nk \u201csteget vassare \u00e4n kunden\u201d, men aldrig \u201ctv\u00e5 steg \u00f6ver\u201d. D\u00e5 landar du r\u00e4tt.<br \/><br \/><\/p>\n<ol start=\"2\">\n<li><span style=\"text-decoration: underline;\"><strong> Renlighet, helhet och detaljer<\/strong><\/span><\/li>\n<\/ol>\n<p><strong>Det handlar inte om dyra m\u00e4rken \u2013 det handlar om att vara hel, ren och genomt\u00e4nkt.<\/strong><\/p>\n<p>\u2013 Skorna b\u00f6r vara putsade<br \/>\u2013 Kl\u00e4derna v\u00e4lstrukna<br \/>\u2013 Inga skrynkliga skjortor, noppriga tr\u00f6jor eller slitna byxor<\/p>\n<p><strong>Detaljer som spelar roll:<\/strong><br \/>\u2013 B\u00e4lten, klockor och v\u00e4skor ska signalera ordning<br \/>\u2013 T\u00e4nk p\u00e5 andedr\u00e4kt, parfym (diskret!) och nagelv\u00e5rd<br \/>\u2013 Mobilen b\u00f6r inte ligga framme \u2013 signalera att kunden \u00e4r din fulla fokus<br \/><br \/><\/p>\n<ol start=\"3\">\n<li><span style=\"text-decoration: underline;\"><strong> Upptr\u00e4d aff\u00e4rsm\u00e4ssigt \u2013 men avsp\u00e4nt<\/strong><\/span><\/li>\n<\/ol>\n<p>Att vara professionell handlar inte om att vara stel. Det handlar om att:<\/p>\n<ul>\n<li>Vara i tid<\/li>\n<li>H\u00e4lsa artigt men avslappnat<\/li>\n<li>Se folk i \u00f6gonen<\/li>\n<li>Lyssna mer \u00e4n du pratar<\/li>\n<li>Visa respekt f\u00f6r kundens tid och situation<\/li>\n<\/ul>\n<p><strong>Tonen:<\/strong> Anv\u00e4nd ett spr\u00e5k som \u00e4r korrekt, men naturligt. Undvik att \u201cs\u00e4lja p\u00e5\u201d \u2013 fokusera p\u00e5 dialog och v\u00e4rde.<\/p>\n<p>\u00a0<\/p>\n<ol start=\"4\">\n<li><span style=\"text-decoration: underline;\"><strong> Dresscodes \u2013 kort och gott<\/strong><\/span><\/li>\n<\/ol>\n<table>\n<thead>\n<tr>\n<td>\n<p><strong>Niv\u00e5<\/strong><\/p>\n<\/td>\n<td>\n<p><strong>Kl\u00e4dkod<\/strong><\/p>\n<\/td>\n<td>\n<p><strong>N\u00e4r?<\/strong><\/p>\n<\/td>\n<\/tr>\n<\/thead>\n<tbody>\n<tr>\n<td>\n<p><strong>Business Formal<\/strong><\/p>\n<\/td>\n<td>\n<p>Kostym (m\u00f6rk), skjorta, slips<\/p>\n<\/td>\n<td>\n<p>Formella m\u00f6ten, offentliga upphandlingar<\/p>\n<\/td>\n<\/tr>\n<tr>\n<td>\n<p><strong>Business Casual<\/strong><\/p>\n<\/td>\n<td>\n<p>Kavaj, skjorta\/pik\u00e9, chinos<\/p>\n<\/td>\n<td>\n<p>Vanliga kundm\u00f6ten<\/p>\n<\/td>\n<\/tr>\n<tr>\n<td>\n<p><strong>Smart Casual<\/strong><\/p>\n<\/td>\n<td>\n<p>Snygga jeans, tr\u00f6ja\/kavaj<\/p>\n<\/td>\n<td>\n<p>Kreativa branscher, interna m\u00f6ten<\/p>\n<\/td>\n<\/tr>\n<tr>\n<td>\n<p><strong>Workwear\/anpassat<\/strong><\/p>\n<\/td>\n<td>\n<p>Rent &amp; funktionellt, med f\u00f6retagets kl\u00e4der<\/p>\n<\/td>\n<td>\n<p>Bygg, industri, verkstadsmilj\u00f6<\/p>\n<\/td>\n<\/tr>\n<\/tbody>\n<\/table>\n<p>\u00a0<\/p>\n<ol start=\"5\">\n<li><span style=\"text-decoration: underline;\"><strong> Vanliga misstag \u2013 och hur du undviker dem<\/strong><\/span><\/li>\n<\/ol>\n<p><strong>Att vara f\u00f6r uppkl\u00e4dd:<\/strong> Riskerar att skapa distans. Undvik full kostym om kunden b\u00e4r jeans och t-shirt.<br \/><strong>Att vara f\u00f6r avslappnad:<\/strong> T-shirt med tryck, hoodies eller gympashorts h\u00f6r inte hemma i kundm\u00f6tet.<br \/><strong>Att \u201ckl\u00e4 ner sig\u201d f\u00f6r att passa in:<\/strong> Undvik att tappa professionalismen f\u00f6r att verka folklig.<\/p>\n<p><strong>Din kl\u00e4dsel ska inge trygghet \u2013 inte dominans eller distans.<\/strong><\/p>\n<p><strong>Ett ord p\u00e5 v\u00e4gen: Du \u00e4r ditt eget skyltf\u00f6nster<\/strong><\/p>\n<p>Som s\u00e4ljare representerar du inte bara dig sj\u00e4lv \u2013 du \u00e4r f\u00f6retagets ansikte ut\u00e5t. Genom att kl\u00e4 dig med respekt f\u00f6r kunden och medvetenhet om sammanhanget, visar du att du tar b\u00e5de aff\u00e4ren och relationen p\u00e5 allvar.<br \/>Det \u00e4r enkelt:<br \/><strong>Stil + respekt + anpassning = f\u00f6rtroende.<\/strong><br \/>Och f\u00f6rtroende \u00e4r grunden f\u00f6r alla framg\u00e5ngsrika aff\u00e4rer<\/p>\n<p>Lycka till!<\/p>\n\t\t\t\t\t\t\t\t<\/div>\n\t\t\t\t<\/div>\n\t\t\t\t\t<\/div>\n\t\t\t\t<\/div>\n\t\t\t\t<\/div>","protected":false},"excerpt":{"rendered":"<p>\u00a0 I s\u00e4ljarbetet \u00e4r det f\u00f6rsta intrycket inte bara viktigt \u2013 det \u00e4r avg\u00f6rande. Kl\u00e4dseln signalerar vem du \u00e4r, vad du representerar och hur seri\u00f6st du tar uppdraget. Samtidigt g\u00e4ller det att inte vara \u00f6verkl\u00e4dd eller skapa distans till kunden. H\u00e4r f\u00e5r du en praktisk guide till hur du kl\u00e4r dig aff\u00e4rsm\u00e4ssigt \u2013 och upptr\u00e4der [&hellip;]<\/p>\n","protected":false},"author":2,"featured_media":3067,"comment_status":"closed","ping_status":"closed","sticky":false,"template":"","format":"standard","meta":{"footnotes":""},"categories":[21],"tags":[],"class_list":["post-12919","post","type-post","status-publish","format-standard","has-post-thumbnail","hentry","category-crm"],"_links":{"self":[{"href":"https:\/\/aizell.se\/en\/wp-json\/wp\/v2\/posts\/12919","targetHints":{"allow":["GET"]}}],"collection":[{"href":"https:\/\/aizell.se\/en\/wp-json\/wp\/v2\/posts"}],"about":[{"href":"https:\/\/aizell.se\/en\/wp-json\/wp\/v2\/types\/post"}],"author":[{"embeddable":true,"href":"https:\/\/aizell.se\/en\/wp-json\/wp\/v2\/users\/2"}],"replies":[{"embeddable":true,"href":"https:\/\/aizell.se\/en\/wp-json\/wp\/v2\/comments?post=12919"}],"version-history":[{"count":22,"href":"https:\/\/aizell.se\/en\/wp-json\/wp\/v2\/posts\/12919\/revisions"}],"predecessor-version":[{"id":13248,"href":"https:\/\/aizell.se\/en\/wp-json\/wp\/v2\/posts\/12919\/revisions\/13248"}],"wp:featuredmedia":[{"embeddable":true,"href":"https:\/\/aizell.se\/en\/wp-json\/wp\/v2\/media\/3067"}],"wp:attachment":[{"href":"https:\/\/aizell.se\/en\/wp-json\/wp\/v2\/media?parent=12919"}],"wp:term":[{"taxonomy":"category","embeddable":true,"href":"https:\/\/aizell.se\/en\/wp-json\/wp\/v2\/categories?post=12919"},{"taxonomy":"post_tag","embeddable":true,"href":"https:\/\/aizell.se\/en\/wp-json\/wp\/v2\/tags?post=12919"}],"curies":[{"name":"wp","href":"https:\/\/api.w.org\/{rel}","templated":true}]}}